{"id":100,"date":"2015-02-19T11:14:46","date_gmt":"2015-02-19T10:14:46","guid":{"rendered":"https:\/\/blog-es.mvmpsicologia.com\/?p=100"},"modified":"2016-08-24T15:14:12","modified_gmt":"2016-08-24T14:14:12","slug":"aprende-a-practicar-mindfulness-2-meditacion-guiada","status":"publish","type":"post","link":"https:\/\/blog-es.mvmpsicologia.com\/?p=100","title":{"rendered":"Aprende a practicar Mindfulness (2): \u201cmeditaci\u00f3n guiada\u201d"},"content":{"rendered":"<p>Para desarrollar nuestra experiencia pr\u00e1ctica en Mindfulness, os proponemos realizar esta meditaci\u00f3n de <a title=\"Web de Vicente Sim\u00f3n\" href=\"http:\/\/www.mindfulnessvicentesimon.com\/\">Vicente Sim\u00f3n<\/a>, que desde hace unos 15 a\u00f1os se dedica al estudio de la conciencia y a la pr\u00e1ctica de la meditaci\u00f3n. Es miembro fundador y Presidente de la Asociaci\u00f3n de Mindfulness y Salud (AMYS), una asociaci\u00f3n sin \u00e1nimo de lucro dedicada a la promoci\u00f3n y formaci\u00f3n de profesionales de la salud interesados en integrar la atenci\u00f3n plena (o mindfulness) en la pr\u00e1ctica cl\u00ednica.<br \/>\n<a title=\"Web de Vicente Sim\u00f3n\" href=\"http:\/\/www.mindfulnessvicentesimon.com\/\">Web de Vicente Sim\u00f3n<\/a><\/p>\n<p><iframe loading=\"lazy\" src=\"https:\/\/www.youtube.com\/embed\/6kylDOdRAJY\" width=\"560\" height=\"315\" frameborder=\"0\" allowfullscreen=\"allowfullscreen\"><\/iframe><\/p>\n","protected":false},"excerpt":{"rendered":"<p>Para desarrollar nuestra experiencia pr\u00e1ctica en Mindfulness, os proponemos realizar esta meditaci\u00f3n de Vicente Sim\u00f3n, que desde hace unos 15 a\u00f1os se dedica al estudio de la conciencia y a la pr\u00e1ctica de la meditaci\u00f3n. Es miembro fundador y Presidente &hellip; <a href=\"https:\/\/blog-es.mvmpsicologia.com\/?p=100\">Sigue leyendo <span class=\"meta-nav\">&rarr;<\/span><\/a><\/p>\n","protected":false},"author":1,"featured_media":0,"comment_status":"open","ping_status":"open","sticky":false,"template":"","format":"standard","meta":{"footnotes":""},"categories":[5,4],"tags":[],"_links":{"self":[{"href":"https:\/\/blog-es.mvmpsicologia.com\/index.php?rest_route=\/wp\/v2\/posts\/100"}],"collection":[{"href":"https:\/\/blog-es.mvmpsicologia.com\/index.php?rest_route=\/wp\/v2\/posts"}],"about":[{"href":"https:\/\/blog-es.mvmpsicologia.com\/index.php?rest_route=\/wp\/v2\/types\/post"}],"author":[{"embeddable":true,"href":"https:\/\/blog-es.mvmpsicologia.com\/index.php?rest_route=\/wp\/v2\/users\/1"}],"replies":[{"embeddable":true,"href":"https:\/\/blog-es.mvmpsicologia.com\/index.php?rest_route=%2Fwp%2Fv2%2Fcomments&post=100"}],"version-history":[{"count":7,"href":"https:\/\/blog-es.mvmpsicologia.com\/index.php?rest_route=\/wp\/v2\/posts\/100\/revisions"}],"predecessor-version":[{"id":190,"href":"https:\/\/blog-es.mvmpsicologia.com\/index.php?rest_route=\/wp\/v2\/posts\/100\/revisions\/190"}],"wp:attachment":[{"href":"https:\/\/blog-es.mvmpsicologia.com\/index.php?rest_route=%2Fwp%2Fv2%2Fmedia&parent=100"}],"wp:term":[{"taxonomy":"category","embeddable":true,"href":"https:\/\/blog-es.mvmpsicologia.com\/index.php?rest_route=%2Fwp%2Fv2%2Fcategories&post=100"},{"taxonomy":"post_tag","embeddable":true,"href":"https:\/\/blog-es.mvmpsicologia.com\/index.php?rest_route=%2Fwp%2Fv2%2Ftags&post=100"}],"curies":[{"name":"wp","href":"https:\/\/api.w.org\/{rel}","templated":true}]}}